{"id":2829,"date":"2020-08-21T18:17:08","date_gmt":"2020-08-21T21:17:08","guid":{"rendered":"http:\/\/www.hand2hand.cl\/barriomatta\/?p=2829"},"modified":"2020-08-21T18:17:49","modified_gmt":"2020-08-21T21:17:49","slug":"alicia-caceres-artesana-orfebre","status":"publish","type":"post","link":"http:\/\/www.hand2hand.cl\/barriomatta\/index.php\/2020\/08\/21\/alicia-caceres-artesana-orfebre\/","title":{"rendered":"Alicia C\u00e1ceres, artesana orfebre"},"content":{"rendered":"[vc_row type=&#8221;in_container&#8221; full_screen_row_position=&#8221;middle&#8221; scene_position=&#8221;center&#8221; text_color=&#8221;dark&#8221; text_align=&#8221;left&#8221; overlay_strength=&#8221;0.3&#8243; shape_divider_position=&#8221;bottom&#8221; bg_image_animation=&#8221;none&#8221;][vc_column column_padding=&#8221;no-extra-padding&#8221; column_padding_position=&#8221;all&#8221; background_color_opacity=&#8221;1&#8243; background_hover_color_opacity=&#8221;1&#8243; column_link_target=&#8221;_self&#8221; column_shadow=&#8221;none&#8221; column_border_radius=&#8221;none&#8221; width=&#8221;1\/1&#8243; tablet_width_inherit=&#8221;default&#8221; tablet_text_alignment=&#8221;default&#8221; phone_text_alignment=&#8221;default&#8221; column_border_width=&#8221;none&#8221; column_border_style=&#8221;solid&#8221; bg_image_animation=&#8221;none&#8221;][vc_column_text]La se\u00f1or Alicia C\u00e1ceres, antigua vecina del barrio Matta Sur y destacada artesana orfebre y tambi\u00e9n autora del libro \u00abArtesan\u00eda urbana en Chile\u00bb, publicado en marzo de este a\u00f1o, nos ha regalado dos ejemplares de este valioso libro.<\/p>\n<p>La orfebre que junto a su marido ya fallecido es tambi\u00e9n la autora de una hermosa virgen vestida con ropajes de bronce y cobre, la que fuera entregada por el matrimonio como regalo al Papa Juan Pablo II en su visita a Chile en el a\u00f1o 1987.<\/p>\n<p>Durante a\u00f1os lleva trabajando en el \u00abTaller Juan Reyes\u00bb, ubicado en pleno barrio Matta Sur, y constituye un ejemplo de patrimonio vivo no solo de nuestro barrio, sino tambi\u00e9n del pa\u00eds.<\/p>\n<p>Nos enorgullece mucho tenerla entre los vecinos m\u00e1s distinguidos del barrio.[\/vc_column_text][\/vc_column][\/vc_row][vc_row type=&#8221;in_container&#8221; full_screen_row_position=&#8221;middle&#8221; scene_position=&#8221;center&#8221; text_color=&#8221;dark&#8221; text_align=&#8221;left&#8221; overlay_strength=&#8221;0.3&#8243; shape_divider_position=&#8221;bottom&#8221; bg_image_animation=&#8221;none&#8221;][vc_column column_padding=&#8221;no-extra-padding&#8221; column_padding_position=&#8221;all&#8221; background_color_opacity=&#8221;1&#8243; background_hover_color_opacity=&#8221;1&#8243; column_link_target=&#8221;_self&#8221; column_shadow=&#8221;none&#8221; column_border_radius=&#8221;none&#8221; width=&#8221;1\/1&#8243; tablet_width_inherit=&#8221;default&#8221; tablet_text_alignment=&#8221;default&#8221; phone_text_alignment=&#8221;default&#8221; column_border_width=&#8221;none&#8221; column_border_style=&#8221;solid&#8221; bg_image_animation=&#8221;none&#8221;][vc_gallery type=&#8221;image_grid&#8221; images=&#8221;2830,2831,2832,2833,2834,2835,2836,2837&#8243; layout=&#8221;4&#8243; item_spacing=&#8221;default&#8221; gallery_style=&#8221;7&#8243; load_in_animation=&#8221;none&#8221;][\/vc_column][\/vc_row]\n","protected":false},"excerpt":{"rendered":"<p>[vc_row type=&#8221;in_container&#8221; full_screen_row_position=&#8221;middle&#8221; scene_position=&#8221;center&#8221; text_color=&#8221;dark&#8221; text_align=&#8221;left&#8221; overlay_strength=&#8221;0.3&#8243; shape_divider_position=&#8221;bottom&#8221; bg_image_animation=&#8221;none&#8221;][vc_column column_padding=&#8221;no-extra-padding&#8221; column_padding_position=&#8221;all&#8221; background_color_opacity=&#8221;1&#8243; background_hover_color_opacity=&#8221;1&#8243; column_link_target=&#8221;_self&#8221; column_shadow=&#8221;none&#8221; column_border_radius=&#8221;none&#8221; width=&#8221;1\/1&#8243; tablet_width_inherit=&#8221;default&#8221; tablet_text_alignment=&#8221;default&#8221; phone_text_alignment=&#8221;default&#8221; column_border_width=&#8221;none&#8221; column_border_style=&#8221;solid&#8221; bg_image_animation=&#8221;none&#8221;][vc_column_text]La se\u00f1or Alicia&#8230;<\/p>\n","protected":false},"author":1,"featured_media":2838,"comment_status":"open","ping_status":"open","sticky":false,"template":"","format":"standard","meta":[],"categories":[63,61],"tags":[],"_links":{"self":[{"href":"http:\/\/www.hand2hand.cl\/barriomatta\/index.php\/wp-json\/wp\/v2\/posts\/2829"}],"collection":[{"href":"http:\/\/www.hand2hand.cl\/barriomatta\/index.php\/wp-json\/wp\/v2\/posts"}],"about":[{"href":"http:\/\/www.hand2hand.cl\/barriomatta\/index.php\/wp-json\/wp\/v2\/types\/post"}],"author":[{"embeddable":true,"href":"http:\/\/www.hand2hand.cl\/barriomatta\/index.php\/wp-json\/wp\/v2\/users\/1"}],"replies":[{"embeddable":true,"href":"http:\/\/www.hand2hand.cl\/barriomatta\/index.php\/wp-json\/wp\/v2\/comments?post=2829"}],"version-history":[{"count":1,"href":"http:\/\/www.hand2hand.cl\/barriomatta\/index.php\/wp-json\/wp\/v2\/posts\/2829\/revisions"}],"predecessor-version":[{"id":2839,"href":"http:\/\/www.hand2hand.cl\/barriomatta\/index.php\/wp-json\/wp\/v2\/posts\/2829\/revisions\/2839"}],"wp:featuredmedia":[{"embeddable":true,"href":"http:\/\/www.hand2hand.cl\/barriomatta\/index.php\/wp-json\/wp\/v2\/media\/2838"}],"wp:attachment":[{"href":"http:\/\/www.hand2hand.cl\/barriomatta\/index.php\/wp-json\/wp\/v2\/media?parent=2829"}],"wp:term":[{"taxonomy":"category","embeddable":true,"href":"http:\/\/www.hand2hand.cl\/barriomatta\/index.php\/wp-json\/wp\/v2\/categories?post=2829"},{"taxonomy":"post_tag","embeddable":true,"href":"http:\/\/www.hand2hand.cl\/barriomatta\/index.php\/wp-json\/wp\/v2\/tags?post=2829"}],"curies":[{"name":"wp","href":"https:\/\/api.w.org\/{rel}","templated":true}]}}