{"id":2769,"date":"2020-08-21T12:35:17","date_gmt":"2020-08-21T15:35:17","guid":{"rendered":"http:\/\/www.hand2hand.cl\/barriomatta\/?p=2769"},"modified":"2020-08-21T12:57:51","modified_gmt":"2020-08-21T15:57:51","slug":"lanzamiento-boletin-patrimonial-el-adoquinnumeros-12-y-13","status":"publish","type":"post","link":"http:\/\/www.hand2hand.cl\/barriomatta\/index.php\/2020\/08\/21\/lanzamiento-boletin-patrimonial-el-adoquinnumeros-12-y-13\/","title":{"rendered":"Lanzamiento bolet\u00edn patrimonial \u00abEl Adoqu\u00edn\u00bb,n\u00fameros 12 y 13"},"content":{"rendered":"[vc_row type=&#8221;in_container&#8221; full_screen_row_position=&#8221;middle&#8221; scene_position=&#8221;center&#8221; text_color=&#8221;dark&#8221; text_align=&#8221;left&#8221; overlay_strength=&#8221;0.3&#8243; shape_divider_position=&#8221;bottom&#8221; bg_image_animation=&#8221;none&#8221;][vc_column column_padding=&#8221;no-extra-padding&#8221; column_padding_position=&#8221;all&#8221; background_color_opacity=&#8221;1&#8243; background_hover_color_opacity=&#8221;1&#8243; column_link_target=&#8221;_self&#8221; column_shadow=&#8221;none&#8221; column_border_radius=&#8221;none&#8221; width=&#8221;1\/1&#8243; tablet_width_inherit=&#8221;default&#8221; tablet_text_alignment=&#8221;default&#8221; phone_text_alignment=&#8221;default&#8221; column_border_width=&#8221;none&#8221; column_border_style=&#8221;solid&#8221; bg_image_animation=&#8221;none&#8221;][vc_column_text]El 19 de agosto en la casa de don Luis Olivares se realiz\u00f3 el lanzamiento del bolet\u00edn patrimonial \u00abEl Adoqu\u00edn\u00bb, en sus versiones 12 y 13. Este proyecto \u00a0rescata las historias personales y colectivas de los vecinos del barrio para preservarlas dej\u00e1ndolas registradas en las p\u00e1ginas de este medio barrial, en el que escriben directamente quienes vivieron estas historias. Asistieron como invitadas las concejalas por Santiago, Rosario Carvajal e Irac\u00ed Hassler, junto a la Dipu tada por \u00d1u\u00f1oa, Maya Fern\u00e1ndez y al Director de la Dibam, \u00c1ngel Cabeza.<\/p>\n<p>El la ocasi\u00f3n Olga Kostich y Fernando Navarro nos deleitaron con la interpretaci\u00f3n de hermosas piezas musicales. La velada culmin\u00f3 con la entrega a cada invitado de cada uno de los ejemplares del bolet\u00edn.<\/p>\n<p>Importante se\u00f1alar que este proyecto es financiado con fondos del Gobierno Regional.[\/vc_column_text][\/vc_column][\/vc_row][vc_row type=&#8221;in_container&#8221; full_screen_row_position=&#8221;middle&#8221; scene_position=&#8221;center&#8221; text_color=&#8221;dark&#8221; text_align=&#8221;left&#8221; overlay_strength=&#8221;0.3&#8243; shape_divider_position=&#8221;bottom&#8221; bg_image_animation=&#8221;none&#8221;][vc_column column_padding=&#8221;no-extra-padding&#8221; column_padding_position=&#8221;all&#8221; background_color_opacity=&#8221;1&#8243; background_hover_color_opacity=&#8221;1&#8243; column_link_target=&#8221;_self&#8221; column_shadow=&#8221;none&#8221; column_border_radius=&#8221;none&#8221; width=&#8221;1\/1&#8243; tablet_width_inherit=&#8221;default&#8221; tablet_text_alignment=&#8221;default&#8221; phone_text_alignment=&#8221;default&#8221; column_border_width=&#8221;none&#8221; column_border_style=&#8221;solid&#8221; bg_image_animation=&#8221;none&#8221;][vc_gallery type=&#8221;image_grid&#8221; images=&#8221;2773,2774,2775,2776,2777,2778,2779,2780,2781,2782,2783,2784,2785,2786,2787,2788,2789,2790,2791,2792,2793,2794,2795&#8243; layout=&#8221;4&#8243; item_spacing=&#8221;default&#8221; gallery_style=&#8221;7&#8243; load_in_animation=&#8221;none&#8221;][\/vc_column][\/vc_row]\n","protected":false},"excerpt":{"rendered":"<p>[vc_row type=&#8221;in_container&#8221; full_screen_row_position=&#8221;middle&#8221; scene_position=&#8221;center&#8221; text_color=&#8221;dark&#8221; text_align=&#8221;left&#8221; overlay_strength=&#8221;0.3&#8243; shape_divider_position=&#8221;bottom&#8221; bg_image_animation=&#8221;none&#8221;][vc_column column_padding=&#8221;no-extra-padding&#8221; column_padding_position=&#8221;all&#8221; background_color_opacity=&#8221;1&#8243; background_hover_color_opacity=&#8221;1&#8243; column_link_target=&#8221;_self&#8221; column_shadow=&#8221;none&#8221; column_border_radius=&#8221;none&#8221; width=&#8221;1\/1&#8243; tablet_width_inherit=&#8221;default&#8221; tablet_text_alignment=&#8221;default&#8221; phone_text_alignment=&#8221;default&#8221; column_border_width=&#8221;none&#8221; column_border_style=&#8221;solid&#8221; bg_image_animation=&#8221;none&#8221;][vc_column_text]El 19 de&#8230;<\/p>\n","protected":false},"author":1,"featured_media":2770,"comment_status":"open","ping_status":"open","sticky":false,"template":"","format":"standard","meta":[],"categories":[61],"tags":[],"_links":{"self":[{"href":"http:\/\/www.hand2hand.cl\/barriomatta\/index.php\/wp-json\/wp\/v2\/posts\/2769"}],"collection":[{"href":"http:\/\/www.hand2hand.cl\/barriomatta\/index.php\/wp-json\/wp\/v2\/posts"}],"about":[{"href":"http:\/\/www.hand2hand.cl\/barriomatta\/index.php\/wp-json\/wp\/v2\/types\/post"}],"author":[{"embeddable":true,"href":"http:\/\/www.hand2hand.cl\/barriomatta\/index.php\/wp-json\/wp\/v2\/users\/1"}],"replies":[{"embeddable":true,"href":"http:\/\/www.hand2hand.cl\/barriomatta\/index.php\/wp-json\/wp\/v2\/comments?post=2769"}],"version-history":[{"count":3,"href":"http:\/\/www.hand2hand.cl\/barriomatta\/index.php\/wp-json\/wp\/v2\/posts\/2769\/revisions"}],"predecessor-version":[{"id":2796,"href":"http:\/\/www.hand2hand.cl\/barriomatta\/index.php\/wp-json\/wp\/v2\/posts\/2769\/revisions\/2796"}],"wp:featuredmedia":[{"embeddable":true,"href":"http:\/\/www.hand2hand.cl\/barriomatta\/index.php\/wp-json\/wp\/v2\/media\/2770"}],"wp:attachment":[{"href":"http:\/\/www.hand2hand.cl\/barriomatta\/index.php\/wp-json\/wp\/v2\/media?parent=2769"}],"wp:term":[{"taxonomy":"category","embeddable":true,"href":"http:\/\/www.hand2hand.cl\/barriomatta\/index.php\/wp-json\/wp\/v2\/categories?post=2769"},{"taxonomy":"post_tag","embeddable":true,"href":"http:\/\/www.hand2hand.cl\/barriomatta\/index.php\/wp-json\/wp\/v2\/tags?post=2769"}],"curies":[{"name":"wp","href":"https:\/\/api.w.org\/{rel}","templated":true}]}}