{"id":2737,"date":"2020-08-21T10:31:46","date_gmt":"2020-08-21T13:31:46","guid":{"rendered":"http:\/\/www.hand2hand.cl\/barriomatta\/?p=2737"},"modified":"2020-08-21T10:46:47","modified_gmt":"2020-08-21T13:46:47","slug":"7a-muestra-de-oficios-artesania-y-diseno-virtual","status":"publish","type":"post","link":"http:\/\/www.hand2hand.cl\/barriomatta\/index.php\/2020\/08\/21\/7a-muestra-de-oficios-artesania-y-diseno-virtual\/","title":{"rendered":"7\u00aa Muestra de Oficios, Artesan\u00eda y Dise\u00f1o Virtual"},"content":{"rendered":"<p>En el marco de la crisis sanitaria y la cuarentena obligatoria, situaci\u00f3n que ha impedido realizar actividades en el espacio p\u00fablico y que, adem\u00e1s, ha obligado a cientos de cultores(as) de oficios, artesanos(a) y dise\u00f1adores(as) ha mantenerse en sus casas para evitar posibles contagios, lo que ha impedido la venta de sus productos de elaboraci\u00f3n personal, es que hemos organizado la 7\u00aa Muestra de Oficios, Artesan\u00eda y Dise\u00f1o online. Para ello creamos un evento v\u00eda facebook para los d\u00edas 24 y 25 de abril, en el que los(as) expositores, a trav\u00e9s de material audiovisual, expongan sus trabajos y puedan \u00e9stos ser vistos por quienes visiten el evento.<\/p>\n<p>En esta ocasi\u00f3n y dada la actual situaci\u00f3n sanitaria le echamos mano a la tecnolog\u00eda para que, a trav\u00e9s de ella, podamos colaborar en algo con nuestros vecinos(as) para enfrentar la crisis econ\u00f3mica por la que atraviesan cientos de compatriotas.<\/p>\n<p>Una vez que pase todo esto volveremos a las calles para, desde ah\u00ed, abrir espacios comunitarios en los que podamos encontrarnos, recrearnos, disfrutar y apreciar los trabajos de nuestros(as) vecinos y amigos.<\/p>\n<h3>Por ahora creemos que es necesario quedarse en casa.<\/h3>\n<p>&nbsp;<\/p>\n<p><img loading=\"lazy\" class=\"wp-image-2738 size-full aligncenter\" src=\"http:\/\/www.hand2hand.cl\/barriomatta\/wp-content\/uploads\/2020\/08\/Afiche-7a-Feria-Virtual-424x600-1.jpg\" alt=\"\" width=\"424\" height=\"600\" srcset=\"http:\/\/www.hand2hand.cl\/barriomatta\/wp-content\/uploads\/2020\/08\/Afiche-7a-Feria-Virtual-424x600-1.jpg 424w, http:\/\/www.hand2hand.cl\/barriomatta\/wp-content\/uploads\/2020\/08\/Afiche-7a-Feria-Virtual-424x600-1-212x300.jpg 212w\" sizes=\"(max-width: 424px) 100vw, 424px\" \/><\/p>\n","protected":false},"excerpt":{"rendered":"<p>En el marco de la crisis sanitaria y la cuarentena obligatoria, situaci\u00f3n que ha impedido realizar actividades en el espacio p\u00fablico y que, adem\u00e1s, ha&#8230;<\/p>\n","protected":false},"author":1,"featured_media":2743,"comment_status":"open","ping_status":"open","sticky":false,"template":"","format":"standard","meta":[],"categories":[60],"tags":[],"_links":{"self":[{"href":"http:\/\/www.hand2hand.cl\/barriomatta\/index.php\/wp-json\/wp\/v2\/posts\/2737"}],"collection":[{"href":"http:\/\/www.hand2hand.cl\/barriomatta\/index.php\/wp-json\/wp\/v2\/posts"}],"about":[{"href":"http:\/\/www.hand2hand.cl\/barriomatta\/index.php\/wp-json\/wp\/v2\/types\/post"}],"author":[{"embeddable":true,"href":"http:\/\/www.hand2hand.cl\/barriomatta\/index.php\/wp-json\/wp\/v2\/users\/1"}],"replies":[{"embeddable":true,"href":"http:\/\/www.hand2hand.cl\/barriomatta\/index.php\/wp-json\/wp\/v2\/comments?post=2737"}],"version-history":[{"count":5,"href":"http:\/\/www.hand2hand.cl\/barriomatta\/index.php\/wp-json\/wp\/v2\/posts\/2737\/revisions"}],"predecessor-version":[{"id":2744,"href":"http:\/\/www.hand2hand.cl\/barriomatta\/index.php\/wp-json\/wp\/v2\/posts\/2737\/revisions\/2744"}],"wp:featuredmedia":[{"embeddable":true,"href":"http:\/\/www.hand2hand.cl\/barriomatta\/index.php\/wp-json\/wp\/v2\/media\/2743"}],"wp:attachment":[{"href":"http:\/\/www.hand2hand.cl\/barriomatta\/index.php\/wp-json\/wp\/v2\/media?parent=2737"}],"wp:term":[{"taxonomy":"category","embeddable":true,"href":"http:\/\/www.hand2hand.cl\/barriomatta\/index.php\/wp-json\/wp\/v2\/categories?post=2737"},{"taxonomy":"post_tag","embeddable":true,"href":"http:\/\/www.hand2hand.cl\/barriomatta\/index.php\/wp-json\/wp\/v2\/tags?post=2737"}],"curies":[{"name":"wp","href":"https:\/\/api.w.org\/{rel}","templated":true}]}}